{"id":2558,"date":"2023-05-24T14:15:53","date_gmt":"2023-05-24T20:15:53","guid":{"rendered":"https:\/\/nextor.io\/x_1\/?p=2558"},"modified":"2023-05-24T14:15:55","modified_gmt":"2023-05-24T20:15:55","slug":"amazon-en-crisis-huelga-inminente-por-regreso-obligado-a-la-oficina-y-ola-de-despidos","status":"publish","type":"post","link":"https:\/\/nextor.io\/x_1\/amazon-en-crisis-huelga-inminente-por-regreso-obligado-a-la-oficina-y-ola-de-despidos\/","title":{"rendered":"Amazon en Crisis: Huelga Inminente por Regreso Obligado a la Oficina y Ola de Despidos"},"content":{"rendered":"<div id=\"cs-content\" class=\"cs-content\"><\/div>\n","protected":false},"excerpt":{"rendered":"<p>Algunos empleados de Amazon en Seattle (EEUU) est\u00e1n haciendo planes para organizar una huelga a finales de este mes, seg\u00fan afirma\u00a0The Washington Post. El lunes, algunos empleados de la compa\u00f1\u00eda de Jeff Bezos comenzaron a distribuir mensajes de Slack y de correo electr\u00f3nico llamando a otros trabajadores a unirse a la protesta en la sede de la compa\u00f1\u00eda el 31 &#8230; <\/p>\n<div><a href=\"https:\/\/nextor.io\/x_1\/amazon-en-crisis-huelga-inminente-por-regreso-obligado-a-la-oficina-y-ola-de-despidos\/\" class=\"more-link\">Read More<\/a><\/div>\n","protected":false},"author":1,"featured_media":2560,"comment_status":"closed","ping_status":"open","sticky":true,"template":"","format":"standard","meta":{"om_disable_all_campaigns":false,"inline_featured_image":false,"_monsterinsights_skip_tracking":false,"_monsterinsights_sitenote_active":false,"_monsterinsights_sitenote_note":"","_monsterinsights_sitenote_category":0,"_joinchat":[],"footnotes":""},"categories":[20],"tags":[46,36,39,47],"class_list":["post-2558","post","type-post","status-publish","format-standard","has-post-thumbnail","hentry","category-blognextor","tag-comunicaciones","tag-home-office","tag-teletrabajo","tag-unificadas"],"aioseo_notices":[],"_links":{"self":[{"href":"https:\/\/nextor.io\/x_1\/wp-json\/wp\/v2\/posts\/2558","targetHints":{"allow":["GET"]}}],"collection":[{"href":"https:\/\/nextor.io\/x_1\/wp-json\/wp\/v2\/posts"}],"about":[{"href":"https:\/\/nextor.io\/x_1\/wp-json\/wp\/v2\/types\/post"}],"author":[{"embeddable":true,"href":"https:\/\/nextor.io\/x_1\/wp-json\/wp\/v2\/users\/1"}],"replies":[{"embeddable":true,"href":"https:\/\/nextor.io\/x_1\/wp-json\/wp\/v2\/comments?post=2558"}],"version-history":[{"count":3,"href":"https:\/\/nextor.io\/x_1\/wp-json\/wp\/v2\/posts\/2558\/revisions"}],"predecessor-version":[{"id":2562,"href":"https:\/\/nextor.io\/x_1\/wp-json\/wp\/v2\/posts\/2558\/revisions\/2562"}],"wp:featuredmedia":[{"embeddable":true,"href":"https:\/\/nextor.io\/x_1\/wp-json\/wp\/v2\/media\/2560"}],"wp:attachment":[{"href":"https:\/\/nextor.io\/x_1\/wp-json\/wp\/v2\/media?parent=2558"}],"wp:term":[{"taxonomy":"category","embeddable":true,"href":"https:\/\/nextor.io\/x_1\/wp-json\/wp\/v2\/categories?post=2558"},{"taxonomy":"post_tag","embeddable":true,"href":"https:\/\/nextor.io\/x_1\/wp-json\/wp\/v2\/tags?post=2558"}],"curies":[{"name":"wp","href":"https:\/\/api.w.org\/{rel}","templated":true}]}}